{"id":2430,"date":"2019-08-31T20:00:01","date_gmt":"2019-08-31T18:00:01","guid":{"rendered":"http:\/\/portius-fotografie.com\/?p=2430"},"modified":"2019-08-31T22:08:33","modified_gmt":"2019-08-31T20:08:33","slug":"september-2019","status":"publish","type":"post","link":"https:\/\/portius-fotografie.com\/?p=2430","title":{"rendered":"September 2019"},"content":{"rendered":"<div class=\"wpb-content-wrapper\"><p>[vc_row][vc_column width=&#8220;1\/4&#8243;][vc_column_text]<\/p>\n<p style=\"text-align: justify;\"><span style=\"color: #000000;\">Kein Zweifel: Die Lofoten, eine der K\u00fcste Nordnorwegens vorgelagerte Inselgruppe, geh\u00f6ren f\u00fcr Natur- und Landschaftsfotografen zu den weltweit interessantesten Fotozielen.<\/span><\/p>\n<p style=\"text-align: justify;\"><span style=\"color: #000000;\"> In Kauf zu nehmen sind lediglich verl\u00e4sslich auftretende Schlechtwetterperioden &#8211; die nat\u00fcrlich auch sehr stimmungsvolle Fotos hervorbringen k\u00f6nnen &#8211; und vergleichsweise hohe Lebenshaltungskosten, die im Reisebudget ber\u00fccksichtigt werden sollten.<\/span><\/p>\n<p><em><span style=\"color: #000000;\"><strong>Foto:<\/strong> Strand von Ramberg. Canon EOS 6D Mark II, 4,0, 16-35 mm, 35 mm, 1 sec, f\/14, ISO 50, Polfilter, GND 0,9, Stativ\u00a0<\/span><\/em>[\/vc_column_text][lab_button title=&#8220;zur\u00fcck zur \u00dcbersicht&#8220; type=&#8220;standard&#8220; link=&#8220;url:http%3A%2F%2Fportius-fotografie.com%2F%3Fpage_id%3D72|||&#8220;][\/vc_column][vc_column width=&#8220;3\/4&#8243;][vc_single_image image=&#8220;2432&#8243; img_size=&#8220;full&#8220; onclick=&#8220;link_image&#8220;][\/vc_column][\/vc_row]<\/p>\n<\/div>","protected":false},"excerpt":{"rendered":"<p>[vc_row][vc_column width=&#8220;1\/4&#8243;][vc_column_text] Kein Zweifel: Die Lofoten, eine der K\u00fcste Nordnorwegens vorgelagerte Inselgruppe, geh\u00f6ren f\u00fcr Natur- und Landschaftsfotografen zu den weltweit interessantesten Fotozielen. In Kauf zu&hellip;<\/p>\n","protected":false},"author":1,"featured_media":2432,"comment_status":"closed","ping_status":"closed","sticky":false,"template":"","format":"standard","meta":{"_acf_changed":false,"footnotes":""},"categories":[13,5,12],"tags":[9],"class_list":["post-2430","post","type-post","status-publish","format-standard","has-post-thumbnail","hentry","category-bild-des-monats","category-lofoten","category-norwegen","tag-bilddesmonats"],"acf":[],"_links":{"self":[{"href":"https:\/\/portius-fotografie.com\/index.php?rest_route=\/wp\/v2\/posts\/2430","targetHints":{"allow":["GET"]}}],"collection":[{"href":"https:\/\/portius-fotografie.com\/index.php?rest_route=\/wp\/v2\/posts"}],"about":[{"href":"https:\/\/portius-fotografie.com\/index.php?rest_route=\/wp\/v2\/types\/post"}],"author":[{"embeddable":true,"href":"https:\/\/portius-fotografie.com\/index.php?rest_route=\/wp\/v2\/users\/1"}],"replies":[{"embeddable":true,"href":"https:\/\/portius-fotografie.com\/index.php?rest_route=%2Fwp%2Fv2%2Fcomments&post=2430"}],"version-history":[{"count":7,"href":"https:\/\/portius-fotografie.com\/index.php?rest_route=\/wp\/v2\/posts\/2430\/revisions"}],"predecessor-version":[{"id":2438,"href":"https:\/\/portius-fotografie.com\/index.php?rest_route=\/wp\/v2\/posts\/2430\/revisions\/2438"}],"wp:featuredmedia":[{"embeddable":true,"href":"https:\/\/portius-fotografie.com\/index.php?rest_route=\/wp\/v2\/media\/2432"}],"wp:attachment":[{"href":"https:\/\/portius-fotografie.com\/index.php?rest_route=%2Fwp%2Fv2%2Fmedia&parent=2430"}],"wp:term":[{"taxonomy":"category","embeddable":true,"href":"https:\/\/portius-fotografie.com\/index.php?rest_route=%2Fwp%2Fv2%2Fcategories&post=2430"},{"taxonomy":"post_tag","embeddable":true,"href":"https:\/\/portius-fotografie.com\/index.php?rest_route=%2Fwp%2Fv2%2Ftags&post=2430"}],"curies":[{"name":"wp","href":"https:\/\/api.w.org\/{rel}","templated":true}]}}