{"id":4823,"date":"2021-11-30T10:50:12","date_gmt":"2021-11-30T08:50:12","guid":{"rendered":"https:\/\/portius-fotografie.com\/?p=4823"},"modified":"2021-11-30T10:50:12","modified_gmt":"2021-11-30T08:50:12","slug":"dezember-2021","status":"publish","type":"post","link":"https:\/\/portius-fotografie.com\/?p=4823","title":{"rendered":"Dezember 2021"},"content":{"rendered":"<div class=\"wpb-content-wrapper\"><p>[vc_row][vc_column][vc_single_image image=&#8220;4821&#8243; img_size=&#8220;full&#8220; onclick=&#8220;link_image&#8220;][vc_column_text]<\/p>\n<p style=\"text-align: center;\">Der Dezember<\/p>\n<p style=\"text-align: center;\">Das Jahr ward alt. Hat d\u00fcnnes Haar.<br \/>\nIst gar nicht sehr gesund.<br \/>\nKennt seinen letzten Tag, das Jahr.<br \/>\nKennt gar die letzte Stund.<\/p>\n<p style=\"text-align: center;\">Ist viel geschehn. Ward viel vers\u00e4umt.<br \/>\nRuht beides unterm Schnee.<br \/>\nWei\u00df liegt die Welt, wie hingetr\u00e4umt.<br \/>\nUnd\u00a0Wehmut\u00a0tut halt weh.<\/p>\n<p style=\"text-align: center;\">Noch w\u00e4chst der Mond. Noch schmilzt er hin.<br \/>\nNichts bleibt. Und nichts vergeht.<br \/>\nIst alles Wahn. Hat alles Sinn.<br \/>\nN\u00fctzt nichts, dass man\u2019s versteht.<\/p>\n<p style=\"text-align: center;\">Und wieder stapft der Nikolaus<br \/>\ndurch jeden Kindertraum.<br \/>\nUnd wieder bl\u00fcht in jedem Haus<br \/>\nder goldengr\u00fcne Baum.<\/p>\n<p style=\"text-align: center;\">Warst auch ein Kind. Hast selbst gef\u00fchlt,<br \/>\nwie hold\u00a0Christb\u00e4ume bl\u00fchn.<br \/>\nHast nun den Weihnachtsmann gespielt<br \/>\nund glaubst nicht mehr an ihn.<\/p>\n<p style=\"text-align: center;\">Bald trifft das Jahr der zw\u00f6lfte Schlag.<br \/>\nDann dr\u00f6hnt\u00a0das Erz\u00a0und spricht:<br \/>\n\u201eDas Jahr kennt seinen letzten Tag,<br \/>\nund du kennst deinen nicht.\u201c<\/p>\n<p style=\"text-align: center;\"><strong><span style=\"color: #0000ff;\"><a style=\"color: #0000ff;\" href=\"https:\/\/de.wikipedia.org\/wiki\/Erich_K%C3%A4stner\"><em>(Erich K\u00e4stner)<\/em><\/a><\/span><\/strong><\/p>\n<p>&nbsp;<\/p>\n<p>Das Bild habe ich auf unserem Haussee fotografiert. Mein Model und ich haben uns w\u00e4hrend des Shootings wie auf einem anderen Planeten gef\u00fchlt. Kein Laut war zu h\u00f6ren, kein L\u00fcftchen ging. Die Temperatur lag bei -33,5 \u00b0C und schien das diffuse Licht irgendwie zu zementieren.<\/p>\n<p><em><strong>Foto:<\/strong> &#8222;Dezember&#8220;, Schwedisch-Lappland. Canon EOS 500D, 3,5-6,3 DC, 18-200 mm, 72 mm, 1\/320 sec, f\/8,\u00a0 ISO 200<\/em>[\/vc_column_text][lab_button title=&#8220;zur\u00fcck zur \u00dcbersicht&#8220; type=&#8220;standard&#8220; link=&#8220;url:http%3A%2F%2Fportius-fotografie.com%2F%3Fpage_id%3D72|||&#8220;][\/vc_column][\/vc_row]<\/p>\n<\/div>","protected":false},"excerpt":{"rendered":"<p>[vc_row][vc_column][vc_single_image image=&#8220;4821&#8243; img_size=&#8220;full&#8220; onclick=&#8220;link_image&#8220;][vc_column_text] Der Dezember Das Jahr ward alt. Hat d\u00fcnnes Haar. Ist gar nicht sehr gesund. Kennt seinen letzten Tag, das Jahr. Kennt&hellip;<\/p>\n","protected":false},"author":1,"featured_media":4821,"comment_status":"closed","ping_status":"closed","sticky":false,"template":"","format":"standard","meta":{"_acf_changed":false,"footnotes":""},"categories":[13,6],"tags":[9],"class_list":["post-4823","post","type-post","status-publish","format-standard","has-post-thumbnail","hentry","category-bild-des-monats","category-schweden","tag-bilddesmonats"],"acf":[],"_links":{"self":[{"href":"https:\/\/portius-fotografie.com\/index.php?rest_route=\/wp\/v2\/posts\/4823","targetHints":{"allow":["GET"]}}],"collection":[{"href":"https:\/\/portius-fotografie.com\/index.php?rest_route=\/wp\/v2\/posts"}],"about":[{"href":"https:\/\/portius-fotografie.com\/index.php?rest_route=\/wp\/v2\/types\/post"}],"author":[{"embeddable":true,"href":"https:\/\/portius-fotografie.com\/index.php?rest_route=\/wp\/v2\/users\/1"}],"replies":[{"embeddable":true,"href":"https:\/\/portius-fotografie.com\/index.php?rest_route=%2Fwp%2Fv2%2Fcomments&post=4823"}],"version-history":[{"count":3,"href":"https:\/\/portius-fotografie.com\/index.php?rest_route=\/wp\/v2\/posts\/4823\/revisions"}],"predecessor-version":[{"id":4826,"href":"https:\/\/portius-fotografie.com\/index.php?rest_route=\/wp\/v2\/posts\/4823\/revisions\/4826"}],"wp:featuredmedia":[{"embeddable":true,"href":"https:\/\/portius-fotografie.com\/index.php?rest_route=\/wp\/v2\/media\/4821"}],"wp:attachment":[{"href":"https:\/\/portius-fotografie.com\/index.php?rest_route=%2Fwp%2Fv2%2Fmedia&parent=4823"}],"wp:term":[{"taxonomy":"category","embeddable":true,"href":"https:\/\/portius-fotografie.com\/index.php?rest_route=%2Fwp%2Fv2%2Fcategories&post=4823"},{"taxonomy":"post_tag","embeddable":true,"href":"https:\/\/portius-fotografie.com\/index.php?rest_route=%2Fwp%2Fv2%2Ftags&post=4823"}],"curies":[{"name":"wp","href":"https:\/\/api.w.org\/{rel}","templated":true}]}}