{"id":5702,"date":"2023-05-31T16:18:34","date_gmt":"2023-05-31T14:18:34","guid":{"rendered":"https:\/\/portius-fotografie.com\/?p=5702"},"modified":"2023-05-31T16:18:34","modified_gmt":"2023-05-31T14:18:34","slug":"juni-2023","status":"publish","type":"post","link":"https:\/\/portius-fotografie.com\/?p=5702","title":{"rendered":"Juni 2023"},"content":{"rendered":"<div class=\"wpb-content-wrapper\"><p>[vc_row][vc_column][vc_single_image image=&#8220;5700&#8243; img_size=&#8220;full&#8220; onclick=&#8220;link_image&#8220;][vc_column_text]Diesmal ist das &#8222;Bild des Monats&#8220; auch ein bisschen Werbung in eigener Sache, die besonders f\u00fcr Schweden-Fans interessant sein d\u00fcrfte! Druckfrisch ist n\u00e4mlich der aktuelle <span style=\"color: #0000ff;\"><strong><a style=\"color: #0000ff;\" href=\"https:\/\/harenberg-kalender.de\/schweden-sehnsuchtskalender-2024\/\">&#8222;Sehnsuchtskalender Schweden 2024&#8220;<\/a> <\/strong><\/span>aus dem Hause Harenberg erschienen, zu dem ich den gr\u00f6\u00dften Teil der insgesamt 53 Motive beigesteuert habe. Hunderte Kilometer habe ich insbesondere im vergangenen Sommer in S\u00fcd- und Mittelschweden zur\u00fcckgelegt, um besondere Lichtstimmungen, unverwechselbare Wahrzeichen und die herrliche Natur des Landes einzufangen. F\u00fcr die Wintermotive musste ich hingegen nicht so ausgiebig umherreisen, schlie\u00dflich habe ich die kalte Jahreszeit sechs Monate im Jahr direkt vor der Haust\u00fcr. \ud83d\ude09<\/p>\n<p>Der Harenberg-Verlag bewirbt den Kalender so:<\/p>\n<p><em>Dem Alltag entwischen. Mit den Gedanken in die Ferne schweifen und Urlaubsstimmung auf dem Schreibtisch genie\u00dfen.<\/em><br \/>\n<em>\u2013 Beeindruckende Aufnahmen von renommierten Fotografen<\/em><br \/>\n<em>\u2013 Eine Rundreise in Bildern von beliebten Sehensw\u00fcrdigkeiten bis zu \u00fcberraschenden Blickwinkeln<\/em><br \/>\n<em>\u2013 53 Postkarten mit Perforation zum m\u00fchelosen Heraustrennen\u00a0<\/em><\/p>\n<p>Stellvertretend f\u00fcr viele andere Kalenderfotos habe ich das Schloss Kalmar ausgew\u00e4hlt, das zu den besterhaltenen Renaissanceschl\u00f6ssern Nordeuropas geh\u00f6rt. Ich erinnere mich gut an den wunderbaren Sommermorgen am 21. Juni 2022, als ich den Ausl\u00f6ser meiner Kamera f\u00fcr dieses Bild um exakt 05:31 Uhr gedr\u00fcckt habe. Zu dieser Tageszeit &#8222;geh\u00f6rte&#8220; mir das Schloss quasi allein, nur ein Schwan leistete mir hin und wieder Gesellschaft und lie\u00df mich machen. Hinter mir lag eine durchgefahrene Nacht, nur unterbrochen von Fotostopps, w\u00e4hrend derer ich mich der Mitternachtssonne fotografisch widmete, denn Lichtstimmungen nehmen herzlich wenig R\u00fccksicht auf das Schlafbed\u00fcrfnis eines vom &#8222;Jagdfieber&#8220; gepackten Fotografen &#8230;<\/p>\n<p>Der Kalender ist f\u00fcr 17,99 \u20ac in jeder Buchhandlung zu bekommen bzw. bestellbar. Die ISBN lautet 978-3-8400-3069-7. W\u00e4re ich ein PR-Manager m\u00fcsste ich jetzt schreiben: <strong>Hole dir <em>Portius<\/em> auf den Schreibtisch oder an die Wand! \ud83d\ude42<\/strong><\/p>\n<p><em><strong>Foto: <\/strong>Schloss Kalmar, Schweden. Canon EOS 6D Mark II, f\/4L IS USM, 16-35 mm, 28 mm, 1\/60 sec, f\/9.0, ISO 100, Polfilter, Stativ.<\/em>[\/vc_column_text][lab_button title=&#8220;zur\u00fcck zur \u00dcbersicht&#8220; type=&#8220;standard&#8220; link=&#8220;url:http%3A%2F%2Fportius-fotografie.com%2F%3Fpage_id%3D72|||&#8220;][\/vc_column][\/vc_row]<\/p>\n<\/div>","protected":false},"excerpt":{"rendered":"<p>[vc_row][vc_column][vc_single_image image=&#8220;5700&#8243; img_size=&#8220;full&#8220; onclick=&#8220;link_image&#8220;][vc_column_text]Diesmal ist das &#8222;Bild des Monats&#8220; auch ein bisschen Werbung in eigener Sache, die besonders f\u00fcr Schweden-Fans interessant sein d\u00fcrfte! Druckfrisch ist&hellip;<\/p>\n","protected":false},"author":1,"featured_media":5700,"comment_status":"closed","ping_status":"closed","sticky":false,"template":"","format":"standard","meta":{"_acf_changed":false,"footnotes":""},"categories":[13,6,1],"tags":[9],"class_list":["post-5702","post","type-post","status-publish","format-standard","has-post-thumbnail","hentry","category-bild-des-monats","category-schweden","category-unkategorisiert","tag-bilddesmonats"],"acf":[],"_links":{"self":[{"href":"https:\/\/portius-fotografie.com\/index.php?rest_route=\/wp\/v2\/posts\/5702","targetHints":{"allow":["GET"]}}],"collection":[{"href":"https:\/\/portius-fotografie.com\/index.php?rest_route=\/wp\/v2\/posts"}],"about":[{"href":"https:\/\/portius-fotografie.com\/index.php?rest_route=\/wp\/v2\/types\/post"}],"author":[{"embeddable":true,"href":"https:\/\/portius-fotografie.com\/index.php?rest_route=\/wp\/v2\/users\/1"}],"replies":[{"embeddable":true,"href":"https:\/\/portius-fotografie.com\/index.php?rest_route=%2Fwp%2Fv2%2Fcomments&post=5702"}],"version-history":[{"count":3,"href":"https:\/\/portius-fotografie.com\/index.php?rest_route=\/wp\/v2\/posts\/5702\/revisions"}],"predecessor-version":[{"id":5705,"href":"https:\/\/portius-fotografie.com\/index.php?rest_route=\/wp\/v2\/posts\/5702\/revisions\/5705"}],"wp:featuredmedia":[{"embeddable":true,"href":"https:\/\/portius-fotografie.com\/index.php?rest_route=\/wp\/v2\/media\/5700"}],"wp:attachment":[{"href":"https:\/\/portius-fotografie.com\/index.php?rest_route=%2Fwp%2Fv2%2Fmedia&parent=5702"}],"wp:term":[{"taxonomy":"category","embeddable":true,"href":"https:\/\/portius-fotografie.com\/index.php?rest_route=%2Fwp%2Fv2%2Fcategories&post=5702"},{"taxonomy":"post_tag","embeddable":true,"href":"https:\/\/portius-fotografie.com\/index.php?rest_route=%2Fwp%2Fv2%2Ftags&post=5702"}],"curies":[{"name":"wp","href":"https:\/\/api.w.org\/{rel}","templated":true}]}}