{"id":5801,"date":"2023-10-31T10:20:11","date_gmt":"2023-10-31T08:20:11","guid":{"rendered":"https:\/\/portius-fotografie.com\/?p=5801"},"modified":"2023-10-28T10:53:43","modified_gmt":"2023-10-28T08:53:43","slug":"november-2023","status":"publish","type":"post","link":"https:\/\/portius-fotografie.com\/?p=5801","title":{"rendered":"November 2023"},"content":{"rendered":"<div class=\"wpb-content-wrapper\"><p>[vc_row][vc_column][vc_single_image image=&#8220;5799&#8243; img_size=&#8220;full&#8220; onclick=&#8220;link_image&#8220;][vc_column_text]<span style=\"color: #000000;\">Kein Laut ist zu h\u00f6ren, kein L\u00fcftchen r\u00fchrt sich an diesem fr\u00fchen herbstlichen Morgen inmitten der nordischen Wildnis. Langsam merke ich, wie die K\u00e4lte des Wassers durch die isolierten Sohlen meiner Schuhe dringt. Es wird Zeit, dass ich auf den Ausl\u00f6ser dr\u00fccke, doch noch steht mein Stativ nicht sicher, droht im Uferschlick einzusinken. Hier an diesem namenlosen See in Schwedisch-Lappland, zu dem weder Weg noch Steg f\u00fchren. Beobachtet wird mein Treiben von einer aufgehenden Sonne, die wie ein riesenhafter Scheinwerfer wirkt, der von einem geheimnisvollen Techniker auf maximale Leistung reguliert wurde.<\/span><\/p>\n<p><span style=\"color: #000000;\">Ich habe mir vorgenommen, Seerauch, auch Meerrauch genannt, zu fotografieren. Hierbei handelt es sich um eine Form des Verdunstungsnebels, der so wunderbare Stimmungen schaffen kann, f\u00fcr die mein Wecker gerne um f\u00fcnf Uhr morgens klingeln darf. Seerauch entsteht immer dann, wenn ein gro\u00dfer Temperaturunterschied zwischen kalter Luft und relativ warmem Wasser herrscht. Dann steigt die Luft \u00fcber dem Wasser nach oben, \u00e4hnlich wie am Boden eines Kochtopfs. Es bilden sich n\u00e4mlich sowohl am See als auch im Topf auf dem Herd Konvektionszellen, also Luftstr\u00f6mungen, in denen W\u00e4rme nach oben dr\u00e4ngt. Die Luft rei\u00dft Wasserdampf mit sich, der in der k\u00e4lteren Luft kondensiert und im Ergebnis Nebelschwaden bildet. Ein Ph\u00e4nomen, das in der K\u00fcche eher weniger gew\u00fcnscht ist, jedoch in freier Natur unvergleichliche Szenerien zaubert, die nicht von dieser Welt zu sein scheinen.<\/span><\/p>\n<p><span style=\"color: #000000;\">Endlich erf\u00fcllt das Stativ seinen Zweck. Ich mache unz\u00e4hlige Fotos und entscheide mich, die Sonne mit in den Ausschnitt zu nehmen und auch nicht durch einen Verlaufsfilter abzuschw\u00e4chen. Soll sie doch ins Bild knallen und ein Wei\u00df bescheren, das keinerlei Zeichnung mehr aufweist und in der Nachbearbeitung am PC kaum einzufangen ist. Ich m\u00f6chte genau diesen harten Kontrast zwischen dem \u201eScheinwerfer\u201c und dem hauchzarten Nebelvorhang zeigen, der aus Seide zu bestehen scheint und sich in warmen Farben vor mir ausbreitet.\u00a0<\/span><\/p>\n<p><em><strong>Foto:<\/strong> \u201eSeerauch\u201c, Schwedisch-Lappland. Canon EOS 7D, \u00a0f\/4.0-5,6 VC Di USD, SP 70-300 mm, 70 mm, 1\/640 sec, f\/7,1, ISO 250, Stativ.<\/em>[\/vc_column_text][lab_button title=&#8220;zur\u00fcck zur \u00dcbersicht&#8220; type=&#8220;standard&#8220; link=&#8220;url:http%3A%2F%2Fportius-fotografie.com%2F%3Fpage_id%3D72|||&#8220;][\/vc_column][\/vc_row]<\/p>\n<\/div>","protected":false},"excerpt":{"rendered":"<p>[vc_row][vc_column][vc_single_image image=&#8220;5799&#8243; img_size=&#8220;full&#8220; onclick=&#8220;link_image&#8220;][vc_column_text]Kein Laut ist zu h\u00f6ren, kein L\u00fcftchen r\u00fchrt sich an diesem fr\u00fchen herbstlichen Morgen inmitten der nordischen Wildnis. Langsam merke ich, wie&hellip;<\/p>\n","protected":false},"author":1,"featured_media":5799,"comment_status":"closed","ping_status":"closed","sticky":false,"template":"","format":"standard","meta":{"_acf_changed":false,"footnotes":""},"categories":[13,6],"tags":[9],"class_list":["post-5801","post","type-post","status-publish","format-standard","has-post-thumbnail","hentry","category-bild-des-monats","category-schweden","tag-bilddesmonats"],"acf":[],"_links":{"self":[{"href":"https:\/\/portius-fotografie.com\/index.php?rest_route=\/wp\/v2\/posts\/5801","targetHints":{"allow":["GET"]}}],"collection":[{"href":"https:\/\/portius-fotografie.com\/index.php?rest_route=\/wp\/v2\/posts"}],"about":[{"href":"https:\/\/portius-fotografie.com\/index.php?rest_route=\/wp\/v2\/types\/post"}],"author":[{"embeddable":true,"href":"https:\/\/portius-fotografie.com\/index.php?rest_route=\/wp\/v2\/users\/1"}],"replies":[{"embeddable":true,"href":"https:\/\/portius-fotografie.com\/index.php?rest_route=%2Fwp%2Fv2%2Fcomments&post=5801"}],"version-history":[{"count":7,"href":"https:\/\/portius-fotografie.com\/index.php?rest_route=\/wp\/v2\/posts\/5801\/revisions"}],"predecessor-version":[{"id":5831,"href":"https:\/\/portius-fotografie.com\/index.php?rest_route=\/wp\/v2\/posts\/5801\/revisions\/5831"}],"wp:featuredmedia":[{"embeddable":true,"href":"https:\/\/portius-fotografie.com\/index.php?rest_route=\/wp\/v2\/media\/5799"}],"wp:attachment":[{"href":"https:\/\/portius-fotografie.com\/index.php?rest_route=%2Fwp%2Fv2%2Fmedia&parent=5801"}],"wp:term":[{"taxonomy":"category","embeddable":true,"href":"https:\/\/portius-fotografie.com\/index.php?rest_route=%2Fwp%2Fv2%2Fcategories&post=5801"},{"taxonomy":"post_tag","embeddable":true,"href":"https:\/\/portius-fotografie.com\/index.php?rest_route=%2Fwp%2Fv2%2Ftags&post=5801"}],"curies":[{"name":"wp","href":"https:\/\/api.w.org\/{rel}","templated":true}]}}