{"id":5809,"date":"2023-11-30T20:47:44","date_gmt":"2023-11-30T18:47:44","guid":{"rendered":"https:\/\/portius-fotografie.com\/?p=5809"},"modified":"2023-11-30T20:47:44","modified_gmt":"2023-11-30T18:47:44","slug":"dezember-2023","status":"publish","type":"post","link":"https:\/\/portius-fotografie.com\/?p=5809","title":{"rendered":"Dezember 2023"},"content":{"rendered":"<div class=\"wpb-content-wrapper\"><p>[vc_row][vc_column][vc_single_image image=&#8220;5817&#8243; img_size=&#8220;full&#8220; onclick=&#8220;link_image&#8220;][vc_column_text]<\/p>\n<p style=\"text-align: center;\"><em><span style=\"color: #000000;\">Altes Kaminst\u00fcck<\/span><\/em><\/p>\n<p style=\"text-align: center;\">Drau\u00dfen ziehen wei\u00dfe Flocken<br \/>\nDurch die Nacht, der Sturm ist laut;<br \/>\nHier im St\u00fcbchen ist es trocken,<br \/>\nWarm und einsam, stillvertraut.<\/p>\n<p style=\"text-align: center;\">Sinnend sitz ich auf dem Sessel,<br \/>\nAn dem knisternden Kamin,<br \/>\nKochend summt der Wasserkessel<br \/>\nL\u00e4ngst verklungne Melodien.<\/p>\n<p style=\"text-align: center;\">Und ein K\u00e4tzchen sitzt daneben,<br \/>\nW\u00e4rmt die Pf\u00f6tchen an der Glut;<br \/>\nUnd die Flammen schweben, weben,<br \/>\nWundersam wird mir zumut&#8216;.<\/p>\n<p style=\"text-align: center;\">D\u00e4mmernd kommt heraufgestiegen<br \/>\nManche l\u00e4ngst verge\u00dfne Zeit,<br \/>\nWie mit bunten Maskenz\u00fcgen<br \/>\nUnd verblichner Herrlichkeit.<\/p>\n<p style=\"text-align: center;\">Sch\u00f6ne Fraun, mit kluger Miene,<br \/>\nWinken s\u00fc\u00dfgeheimnisvoll,<br \/>\nUnd dazwischen Harlekine<br \/>\nSpringen, lachen, lustigtoll.<\/p>\n<p style=\"text-align: center;\">Ferne gr\u00fc\u00dfen Marmorg\u00f6tter,<br \/>\nTraumhaft neben ihnen stehn<br \/>\nM\u00e4rchenblumen, deren Bl\u00e4tter<br \/>\nIn dem Mondenlichte wehn.<\/p>\n<p style=\"text-align: center;\">Wackelnd kommt herbeigeschwommen<br \/>\nManches alte Zauberschlo\u00df;<br \/>\nHintendrein geritten kommen<br \/>\nBlanke Ritter, Knappentro\u00df.<\/p>\n<p style=\"text-align: center;\">Und das alles zieht vor\u00fcber,<br \/>\nSchattenhastig \u00fcbereilt &#8211;<br \/>\nAch! da kocht der Kessel \u00fcber,<br \/>\nUnd das nasse K\u00e4tzchen heult.<\/p>\n<p style=\"text-align: center;\">(<a href=\"https:\/\/de.wikipedia.org\/wiki\/Heinrich_Heine\"><span style=\"color: #0000ff;\"><strong>Heinrich Heine<\/strong><\/span><\/a>)<\/p>\n<p>&nbsp;<\/p>\n<p>In der Schule h\u00e4tte ich angesichts dieses Gedichts wahrscheinlich \u00fcber die Wirkm\u00e4chtigkeit von Erinnerungen und die Verg\u00e4nglichkeit des Lebens geschrieben &#8230;<\/p>\n<p>Unbestritten zwei Aspekte, die sehr gut zu der ged\u00e4mpften Atmosph\u00e4re eines langen Winters am Polarkreis passen. Das indigene Volk der S\u00e1mi kennt sogar zwei Winter und weitere sechs Jahreszeiten, die sich an den Erfordernissen der Rentierzucht orientieren. Rollen wir das Jahr von hinten auf.<\/p>\n<p><strong>Winter (auf S\u00e1misch Daelvie, Dezember \u2013 Februar)<\/strong><\/p>\n<p>Es ist sehr kalt. In manchen Teilen Lapplands sinkt die Temperatur auf -40 \u00b0C. Der Schnee liegt hoch, dennoch sind im Winterwald Spuren von Rotfuchs und auch Vielfra\u00df zu sehen. Ein w\u00e4rmendes Feuer im Kamin ist f\u00fcr die Psyche jetzt besonders wichtig. Niemals ohne Handschuhe nach drau\u00dfen gehen und am Schneemobil keine Metallteile mit ungesch\u00fctzten H\u00e4nden anfassen. Im Februar k\u00fcndigt der Ruf des Raben den Fr\u00fchling an. Die Rentierherden vieler Walds\u00e1mi befinden sich in der w\u00e4rmeren K\u00fcstenregion, das erh\u00f6ht ihre \u00dcberlebenschancen.<\/p>\n<p><strong>Herbstwinter (Tjaktje-daelvie, November \u2013 Dezember)<\/strong><\/p>\n<p>Die Sonne geht immer sp\u00e4ter auf und fr\u00fcher unter; andauernde D\u00e4mmerlichtatmosph\u00e4re. Erster Schnee ist vielleicht schon im Oktober gefallen und bedeckt jetzt das Eis auf den Seen, das schnell dicker wird. Die letzten Rentiere der Saison sind geimpft, die Herden werden per Lastwagen an die K\u00fcste verfrachtet. In alter Zeit liefen die Tiere den langen Weg in die relative W\u00e4rme, immer begleitet von Rentierz\u00fcchtern auf ihren langen Skiern.<\/p>\n<p><strong>Herbst (Tjaktje, September \u2013 Oktober)<\/strong><\/p>\n<p>Die Moskitos sind verschwunden. Das bunte Herbstlaub der eingestreuten Birken und Eschen bringt die Nadelw\u00e4lder zum Leuchten. F\u00fcr die Einheimischen ist nun Jagdsaison auf B\u00e4r und Elch. Eichh\u00f6rnchen arbeiten emsig an ihren Wintervorr\u00e4ten, gro\u00dfe Drosselschw\u00e4rme lassen sich die Beeren des Waldes schmecken. Der Mensch r\u00fcckt an den Lagerfeuern enger zusammen, die Tage mit frostigen Temperaturen werden mehr. Winterreifen mit Spikes sind nun unverzichtbar, die Schneefr\u00e4se wird gewartet und auf dem eigenen Grundst\u00fcck markieren jetzt reflektierende Stangen Wege und Hindernisse, bei einer Schneeh\u00f6he von einem Meter und mehr ginge in der Dunkelheit sonst die Orientierung verloren. Die Rentierz\u00fcchter schlachten jetzt ausgew\u00e4hlte Tiere. Bei Bullen gilt es, den idealen Zeitpunkt zu erwischen. W\u00e4ren die Rene n\u00e4mlich bereits oder noch in der Brunft, w\u00fcrde das Fleisch ungenie\u00dfbar.<\/p>\n<p><strong>Sp\u00e4tsommer (Tjaktje-giesie, August)<\/strong><\/p>\n<p>Das Leben findet drau\u00dfen statt. Lange N\u00e4chte am Feuer und Paddeltouren auf den Seen und Fl\u00fcssen oder Wandertouren im Fj\u00e4ll sind nun Lieblingsbesch\u00e4ftigungen. Nachts wird es schon wieder k\u00fchler, die Moskitos werden weniger. Die Rentierherden mitsamt den Fr\u00fchjahrs-K\u00e4lbchen streifen durch die W\u00e4lder und fressen sich jetzt die Fettpolster an, die sie sp\u00e4ter durch den Winter bringen. Molte- und Blaubeeren reifen. Mit Gl\u00fcck ist es ein gutes Pilzjahr mit T\u00e4ublingen, Maronen, Steinpilzen, Rotkappen und vielen anderen Gattungen.<\/p>\n<p><strong>Sommer (Giesie, Juni \u2013 Juli)<\/strong><\/p>\n<p>Ferienzeit in ganz Schweden. Familien, die \u00fcber eigene Sommerh\u00e4user verf\u00fcgen, schlie\u00dfen ihre Stadt- oder Dorfdomizile ab und entspannen in der Natur. Am 21. Juni ist Sommersonnenwende, der l\u00e4ngste Tag des Jahres, der mit dem Mittsommerfest geb\u00fchrend zelebriert wird. Die Rentierz\u00fcchter treiben nun ihre Herden zusammen und markieren die im Fr\u00fchjahr geborenen K\u00e4lbchen mittels Einritzungen an den Ohren. Diese spezifischen Muster erm\u00f6glichen eindeutige Zuordnungen. Hinterlegt sind diese Ohrmarkierungen seit Generationen in einem Buch, das <em>Renm\u00e4rken<\/em> hei\u00dft. H\u00e4ufig sind um die dritte Juniwoche herum die meisten Moskitos in der Luft &#8230;<\/p>\n<p><strong>Fr\u00fchlingssommer (G\u00efjre-giesie, Juni)\u00a0<\/strong><\/p>\n<p>N\u00f6rdlich des Polarkreises steht die Sonne auch am tiefsten Punkt ihrer t\u00e4glichen Bahn noch oberhalb des Horizonts &#8211; die Mitternachtssonne schafft eine besondere Atmosph\u00e4re, in der auch nachts um zwei noch das Zwitschern von V\u00f6geln zu h\u00f6ren ist. Letzte Schneereste sind nur noch in hohen Lagen verblieben. Alles gr\u00fcnt und bl\u00fcht. Die S\u00e1mi treiben nun ihre Rentiere zusammen und nutzen daf\u00fcr Quads sowie gelegentlich Hubschrauber. Die vor wenigen Wochen geborenen K\u00e4lbchen werden zusehends kr\u00e4ftiger. Anfang Juni ist die beste Zeit, um Holzh\u00e4usern einen neuen Anstrich zu verleihen: Der Frost hat sich endg\u00fcltig verzogen und noch kleben am Ende des Arbeitstages nicht allzu viele Moskitos an den frisch gestrichenen Fassaden &#8230;<\/p>\n<p><strong>Fr\u00fchling (G\u00efjre, April \u2013 Mai)\u00a0<\/strong><\/p>\n<p>Im Mai werden die Rentierk\u00e4lber geboren. Rund 225 Tage war das Muttertier tr\u00e4chtig, es kehrt in aller Regel in das Gebiet zur\u00fcck, in dem es selbst geboren wurde. Die Herde braucht nun Ruhe. Die S\u00e1mi bleiben in der N\u00e4he und besch\u00fctzen die Tiere vor Fressfeinden und auch Schneemobilverkehr. Die Tage sind nun milder, der Schnee schmilzt schnell. Mehr und mehr verlagert sich das Leben wieder nach drau\u00dfen. Eisfischen erfreut sich gro\u00dfer Beliebtheit und endet erst, wenn das Eis nicht mehr tr\u00e4gt.<\/p>\n<p><strong>Vorfr\u00fchling (G\u00efjre-daelvie, M\u00e4rz \u2013 April)<\/strong><\/p>\n<p>Die Rentiere der Walds\u00e1mi werden zur\u00fcck in ihre angestammten Weidegr\u00fcnde im Landesinneren verfrachtet. Nach einem langen Winter sind sie nun besonders auf H\u00e4ngeflechten als Nahrung angewiesen, die jedoch nur in alten Baumbest\u00e4nden zu finden sind. Auch deshalb sind von der Holzindustrie aufgeforstete Fl\u00e4chen keine Hilfe: Alle B\u00e4ume haben das gleiche Alter und werden (vielleicht) erst in Jahrzehnten Flechten tragen; Wald ist nicht gleich Wald. Noch liegt viel Schnee, doch Auerh\u00e4hne und Raufu\u00dfk\u00e4uze beginnen bereits mit der Balz.<\/p>\n<p>Das Foto zeigt unseren Haussee am 3. Januar zur Mittagszeit. In wenigen Minuten wird die Sonne bereits wieder hinter dem Horizont verschwinden. Doch immerhin: Hier, knapp unterhalb des Polarkreises, l\u00f6st ihr Licht Vorfreude auf den Fr\u00fchling aus. Winterst\u00fcrme haben den Schnee auf dem Eis wunderbar geformt. Wenn es mit knapp -40 \u00b0C nicht so kalt w\u00e4re, k\u00f6nnte ich mich mit der Kamera stundenlang hier herumtreiben.<\/p>\n<p><em><strong>Foto:<\/strong> \u201cWinterlicht\u201d, Schwedisch-Lappland. Canon EOS 500D, 3,5-6,3 DC, 18-200 mm, 18 mm, 1\/250 sec, f\/5.6, ISO 100<\/em>[\/vc_column_text][lab_button title=&#8220;zur\u00fcck zur \u00dcbersicht&#8220; type=&#8220;standard&#8220; link=&#8220;url:http%3A%2F%2Fportius-fotografie.com%2F%3Fpage_id%3D72|||&#8220;][\/vc_column][\/vc_row]<\/p>\n<\/div>","protected":false},"excerpt":{"rendered":"<p>[vc_row][vc_column][vc_single_image image=&#8220;5817&#8243; img_size=&#8220;full&#8220; onclick=&#8220;link_image&#8220;][vc_column_text] Altes Kaminst\u00fcck Drau\u00dfen ziehen wei\u00dfe Flocken Durch die Nacht, der Sturm ist laut; Hier im St\u00fcbchen ist es trocken, Warm und&hellip;<\/p>\n","protected":false},"author":1,"featured_media":5817,"comment_status":"closed","ping_status":"closed","sticky":false,"template":"","format":"standard","meta":{"_acf_changed":false,"footnotes":""},"categories":[13,6],"tags":[9],"class_list":["post-5809","post","type-post","status-publish","format-standard","has-post-thumbnail","hentry","category-bild-des-monats","category-schweden","tag-bilddesmonats"],"acf":[],"_links":{"self":[{"href":"https:\/\/portius-fotografie.com\/index.php?rest_route=\/wp\/v2\/posts\/5809","targetHints":{"allow":["GET"]}}],"collection":[{"href":"https:\/\/portius-fotografie.com\/index.php?rest_route=\/wp\/v2\/posts"}],"about":[{"href":"https:\/\/portius-fotografie.com\/index.php?rest_route=\/wp\/v2\/types\/post"}],"author":[{"embeddable":true,"href":"https:\/\/portius-fotografie.com\/index.php?rest_route=\/wp\/v2\/users\/1"}],"replies":[{"embeddable":true,"href":"https:\/\/portius-fotografie.com\/index.php?rest_route=%2Fwp%2Fv2%2Fcomments&post=5809"}],"version-history":[{"count":22,"href":"https:\/\/portius-fotografie.com\/index.php?rest_route=\/wp\/v2\/posts\/5809\/revisions"}],"predecessor-version":[{"id":5837,"href":"https:\/\/portius-fotografie.com\/index.php?rest_route=\/wp\/v2\/posts\/5809\/revisions\/5837"}],"wp:featuredmedia":[{"embeddable":true,"href":"https:\/\/portius-fotografie.com\/index.php?rest_route=\/wp\/v2\/media\/5817"}],"wp:attachment":[{"href":"https:\/\/portius-fotografie.com\/index.php?rest_route=%2Fwp%2Fv2%2Fmedia&parent=5809"}],"wp:term":[{"taxonomy":"category","embeddable":true,"href":"https:\/\/portius-fotografie.com\/index.php?rest_route=%2Fwp%2Fv2%2Fcategories&post=5809"},{"taxonomy":"post_tag","embeddable":true,"href":"https:\/\/portius-fotografie.com\/index.php?rest_route=%2Fwp%2Fv2%2Ftags&post=5809"}],"curies":[{"name":"wp","href":"https:\/\/api.w.org\/{rel}","templated":true}]}}