{"id":5863,"date":"2023-12-29T18:10:31","date_gmt":"2023-12-29T16:10:31","guid":{"rendered":"https:\/\/portius-fotografie.com\/?p=5863"},"modified":"2023-12-29T18:10:31","modified_gmt":"2023-12-29T16:10:31","slug":"januar-2024","status":"publish","type":"post","link":"https:\/\/portius-fotografie.com\/?p=5863","title":{"rendered":"Januar 2024"},"content":{"rendered":"<div class=\"wpb-content-wrapper\"><p>[vc_row][vc_column][vc_single_image image=&#8220;5859&#8243; img_size=&#8220;full&#8220; onclick=&#8220;link_image&#8220;][vc_column_text]An der dem rauen Europ\u00e4ischen Nordmeer zugewandten Westseite der norwegischen Inselgruppe der <strong><span style=\"color: #0000ff;\"><a style=\"color: #0000ff;\" href=\"https:\/\/de.wikipedia.org\/wiki\/Vester%C3%A5len\">Vester\u00e5len<\/a><\/span><\/strong> liegt das malerische Fischerdorf Nyksund, dessen Bl\u00fctezeit etwa ab 1850 begann. Zu dieser Zeit lebten rund 250 Menschen ganzj\u00e4hrig in dem extrem abgelegenen \u00d6rtchen, das weit \u00fcber dem Polarkreis liegt und erst 1960 eine Stra\u00dfenanbindung erhielt. Eine Infrastrukturma\u00dfnahme, die jedoch nicht verhindern konnte, dass das Dorf ab 1970 zur Geisterstadt wurde. F\u00fcr die immer moderneren und gr\u00f6\u00dferen Fischerboote erwies sich Nyksunds Hafen als zu klein. Das Aufkommen einer leistungsf\u00e4higeren Fischereiflotte f\u00fchrte zudem zu einer Zentralisierung der notwendigen Infrastruktur, zu der K\u00fchlh\u00e4user und Reparaturwerften geh\u00f6rten. In der Folge zogen die Fischerfamilien weg \u2013 zus\u00e4tzlich motiviert von R\u00e4umungsgeldern der norwegischen Regierung.<\/p>\n<p><strong>Projekt der TU Berlin<\/strong><\/p>\n<p>Im Jahre 1985 entdeckte schlie\u00dflich Burkhard Herrmann, damals Student der Sozialp\u00e4dagogik an der Technischen Universit\u00e4t Berlin, das nahezu vergessene Dorf und initiierte zusammen mit Kommilitonen und Dozenten den Aufbau einer internationalen Begegnungsst\u00e4tte. Zum Konzept geh\u00f6rte auch die Renovierung einiger H\u00e4user rund um den kleinen Hafen. Zwar konnte f\u00fcr das auf zun\u00e4chst sieben pachtfreie Jahre ausgelegte Konzept keine Verl\u00e4ngerung erzielt werden, doch immerhin bewirkte die Initiative, dass sich die norwegischen Besitzer und die zust\u00e4ndige Verwaltung wieder mehr f\u00fcr Nyksund interessierten.<\/p>\n<p><strong>Wilde K\u00fcstenlinie<\/strong><\/p>\n<p>R\u00fcckblickend kann das Berliner Engagement als ein Startschuss gewertet werden, der dazu f\u00fchrte, dass heutzutage wieder rund 30 Menschen mehr oder weniger ganzj\u00e4hrig im Dorf leben. Sie k\u00f6nnen von Jahr zu Jahr mehr Touristen begr\u00fc\u00dfen, die sich vom morbiden Charme des Ortes bezaubern lassen. Es gilt, ein uriges G\u00e4stehaus, ein Restaurant, ein B\u00fcchercaf\u00e9 und einen liebevoll eingerichteten Antiquit\u00e4tenladen zu entdecken. Der eigentliche Star ist aber die wilde K\u00fcstenlinie, die von hoch aufragenden Felsw\u00e4nden dominiert wird, vor denen die bunte Hafenszenerie von Nyksund klein und zerbrechlich wirkt.<\/p>\n<p><em><strong>Foto:\u00a0<\/strong>Fischerdorf Nyksund, Vester\u00e5len. Canon EOS 6D Mark II, f\/4L IS USM, 16-35 mm, 26 mm, 1\/125 sec, f\/8.0, ISO 160, Polfilter, Stativ.<\/em>[\/vc_column_text][lab_button title=&#8220;zur\u00fcck zur \u00dcbersicht&#8220; type=&#8220;standard&#8220; link=&#8220;url:http%3A%2F%2Fportius-fotografie.com%2F%3Fpage_id%3D72|||&#8220;][\/vc_column][\/vc_row]<\/p>\n<\/div>","protected":false},"excerpt":{"rendered":"<p>[vc_row][vc_column][vc_single_image image=&#8220;5859&#8243; img_size=&#8220;full&#8220; onclick=&#8220;link_image&#8220;][vc_column_text]An der dem rauen Europ\u00e4ischen Nordmeer zugewandten Westseite der norwegischen Inselgruppe der Vester\u00e5len liegt das malerische Fischerdorf Nyksund, dessen Bl\u00fctezeit etwa ab&hellip;<\/p>\n","protected":false},"author":1,"featured_media":5859,"comment_status":"closed","ping_status":"closed","sticky":false,"template":"","format":"standard","meta":{"_acf_changed":false,"footnotes":""},"categories":[13,12],"tags":[9],"class_list":["post-5863","post","type-post","status-publish","format-standard","has-post-thumbnail","hentry","category-bild-des-monats","category-norwegen","tag-bilddesmonats"],"acf":[],"_links":{"self":[{"href":"https:\/\/portius-fotografie.com\/index.php?rest_route=\/wp\/v2\/posts\/5863","targetHints":{"allow":["GET"]}}],"collection":[{"href":"https:\/\/portius-fotografie.com\/index.php?rest_route=\/wp\/v2\/posts"}],"about":[{"href":"https:\/\/portius-fotografie.com\/index.php?rest_route=\/wp\/v2\/types\/post"}],"author":[{"embeddable":true,"href":"https:\/\/portius-fotografie.com\/index.php?rest_route=\/wp\/v2\/users\/1"}],"replies":[{"embeddable":true,"href":"https:\/\/portius-fotografie.com\/index.php?rest_route=%2Fwp%2Fv2%2Fcomments&post=5863"}],"version-history":[{"count":5,"href":"https:\/\/portius-fotografie.com\/index.php?rest_route=\/wp\/v2\/posts\/5863\/revisions"}],"predecessor-version":[{"id":5868,"href":"https:\/\/portius-fotografie.com\/index.php?rest_route=\/wp\/v2\/posts\/5863\/revisions\/5868"}],"wp:featuredmedia":[{"embeddable":true,"href":"https:\/\/portius-fotografie.com\/index.php?rest_route=\/wp\/v2\/media\/5859"}],"wp:attachment":[{"href":"https:\/\/portius-fotografie.com\/index.php?rest_route=%2Fwp%2Fv2%2Fmedia&parent=5863"}],"wp:term":[{"taxonomy":"category","embeddable":true,"href":"https:\/\/portius-fotografie.com\/index.php?rest_route=%2Fwp%2Fv2%2Fcategories&post=5863"},{"taxonomy":"post_tag","embeddable":true,"href":"https:\/\/portius-fotografie.com\/index.php?rest_route=%2Fwp%2Fv2%2Ftags&post=5863"}],"curies":[{"name":"wp","href":"https:\/\/api.w.org\/{rel}","templated":true}]}}