{"id":5975,"date":"2024-04-30T18:45:28","date_gmt":"2024-04-30T16:45:28","guid":{"rendered":"https:\/\/portius-fotografie.com\/?p=5975"},"modified":"2024-04-30T18:45:28","modified_gmt":"2024-04-30T16:45:28","slug":"mai-2024","status":"publish","type":"post","link":"https:\/\/portius-fotografie.com\/?p=5975","title":{"rendered":"Mai 2024"},"content":{"rendered":"<div class=\"wpb-content-wrapper\"><p>[vc_row][vc_column][vc_single_image image=&#8220;5971&#8243; img_size=&#8220;full&#8220; onclick=&#8220;link_image&#8220;][vc_column_text]<span style=\"color: #000000;\">Die besondere Kraft der Fotografie liegt in ihrer F\u00e4higkeit, Momente einzufangen und Emotionen zu transportieren. Mit einem einzigen Foto k\u00f6nnen wir in eine andere Welt eintauchen, Geschichten vor unserem inneren Auge ablaufen lassen. Was ist zum Beispiel mit diesem Foto? Rein technisch gesehen passt es im Gro\u00dfen und Ganzen. Das Hauptmotiv liegt entsprechend den Gestaltungsregeln nahezu im Goldenen Schnitt, und die Sch\u00e4rfe stimmt auch. Sicherlich liegt die Horizontlinie nicht optimal, es ist etwas zu viel vom konturlosen Himmel zu sehen. Fotografiert habe ich es an einem M\u00e4rzabend in der kleinen Gemeinde Sennesvik auf den Lofoten, Norwegen; es war das letzte Bild des Tages. Alles in allem kein besonderes Foto, oder?<\/span><\/p>\n<p><span style=\"color: #000000;\">Vielleicht doch. Das Foto lebt vom Kontrast zwischen dem warmen Licht in der kleinen Werkstatt und der blauen, froststarren K\u00e4lte, die der Fjord ausstrahlt. Seltsam verloren wirkt das Haus und vermittelt doch Geborgenheit und Zuversicht; zumindest nach meiner \u00dcberzeugung. Was passiert in der Werkstatt? Werkelt dort noch sp\u00e4tabends ein Papa an einem ganz besonderen Geburtstagsgeschenk f\u00fcr seine kleine Tochter? Ein Puppenhaus vielleicht? Oder ist dort gerade ein Fr\u00fchrentner der Verzweiflung nahe, weil die Lichtmaschine des Autos nicht mehr zu reparieren und das Konto leer ist? Wie soll er morgen fr\u00fch zum Arzt in der weit entfernten Stadt kommen? Geschichten \u00fcber Geschichten, die eigene Fantasie d\u00fcrfte kaum Grenzen setzen \u2026<\/span><\/p>\n<p><span style=\"color: #000000;\">Warum schreibe ich das? Wenn Fotografinnen und Fotografen bewusst hinter die technische Ebene ihrer Fotos schauen, erfahren sie quasi nebenbei Aufschlussreiches \u00fcber sich selbst. Denn eins ist klar: Nicht das teuerste Objektiv und die neueste Kamera sind entscheidend f\u00fcr Fotos, die im Innern etwas ausl\u00f6sen &#8211; was auch immer. Das sollte eigentlich selbstverst\u00e4ndlich sein, die Fotoindustrie und viele Influencer behaupten allerdings st\u00e4ndig das Gegenteil \u2026<\/span><\/p>\n<p><span style=\"color: #000000;\">Was sind meine Lieblingsmotive? Warum dr\u00fccke ich hier auf den Ausl\u00f6ser und dort nicht? Was ber\u00fchrt und erf\u00fcllt mich? Wieso st\u00f6\u00dft mich ein bestimmtes Bild ab oder l\u00e4sst mich sogar v\u00f6llig kalt? Ist es das Licht, das Motiv oder das Thema an sich? Wer diese Fragen f\u00fcr sich beantworten kann, der sieht und erlebt bewusster. Dann spielt es im Grunde auch keine Rolle, ob zuf\u00e4llig eine Kamera dabei ist.<\/span><\/p>\n<p><em><strong>Foto:<\/strong> <span style=\"color: #000000;\">\u201eWerkstatt im Abendlicht\u201c, Lofoten, Norwegen. Canon EOS 7D, \u00a0f\/4.0-5,6 VC Di USD, SP 70-300 mm, 70 mm, 1\/8 sec, f\/5, ISO 400, Bohnensackstativ<\/span><\/em>[\/vc_column_text][lab_button title=&#8220;zur\u00fcck zur \u00dcbersicht&#8220; type=&#8220;standard&#8220; link=&#8220;url:http%3A%2F%2Fportius-fotografie.com%2F%3Fpage_id%3D72|||&#8220;][\/vc_column][\/vc_row]<\/p>\n<\/div>","protected":false},"excerpt":{"rendered":"<p>[vc_row][vc_column][vc_single_image image=&#8220;5971&#8243; img_size=&#8220;full&#8220; onclick=&#8220;link_image&#8220;][vc_column_text]Die besondere Kraft der Fotografie liegt in ihrer F\u00e4higkeit, Momente einzufangen und Emotionen zu transportieren. Mit einem einzigen Foto k\u00f6nnen wir in&hellip;<\/p>\n","protected":false},"author":1,"featured_media":5971,"comment_status":"closed","ping_status":"closed","sticky":false,"template":"","format":"standard","meta":{"_acf_changed":false,"footnotes":""},"categories":[13,12],"tags":[9],"class_list":["post-5975","post","type-post","status-publish","format-standard","has-post-thumbnail","hentry","category-bild-des-monats","category-norwegen","tag-bilddesmonats"],"acf":[],"_links":{"self":[{"href":"https:\/\/portius-fotografie.com\/index.php?rest_route=\/wp\/v2\/posts\/5975","targetHints":{"allow":["GET"]}}],"collection":[{"href":"https:\/\/portius-fotografie.com\/index.php?rest_route=\/wp\/v2\/posts"}],"about":[{"href":"https:\/\/portius-fotografie.com\/index.php?rest_route=\/wp\/v2\/types\/post"}],"author":[{"embeddable":true,"href":"https:\/\/portius-fotografie.com\/index.php?rest_route=\/wp\/v2\/users\/1"}],"replies":[{"embeddable":true,"href":"https:\/\/portius-fotografie.com\/index.php?rest_route=%2Fwp%2Fv2%2Fcomments&post=5975"}],"version-history":[{"count":6,"href":"https:\/\/portius-fotografie.com\/index.php?rest_route=\/wp\/v2\/posts\/5975\/revisions"}],"predecessor-version":[{"id":5982,"href":"https:\/\/portius-fotografie.com\/index.php?rest_route=\/wp\/v2\/posts\/5975\/revisions\/5982"}],"wp:featuredmedia":[{"embeddable":true,"href":"https:\/\/portius-fotografie.com\/index.php?rest_route=\/wp\/v2\/media\/5971"}],"wp:attachment":[{"href":"https:\/\/portius-fotografie.com\/index.php?rest_route=%2Fwp%2Fv2%2Fmedia&parent=5975"}],"wp:term":[{"taxonomy":"category","embeddable":true,"href":"https:\/\/portius-fotografie.com\/index.php?rest_route=%2Fwp%2Fv2%2Fcategories&post=5975"},{"taxonomy":"post_tag","embeddable":true,"href":"https:\/\/portius-fotografie.com\/index.php?rest_route=%2Fwp%2Fv2%2Ftags&post=5975"}],"curies":[{"name":"wp","href":"https:\/\/api.w.org\/{rel}","templated":true}]}}