{"id":6088,"date":"2024-12-31T10:43:32","date_gmt":"2024-12-31T08:43:32","guid":{"rendered":"https:\/\/portius-fotografie.com\/?p=6088"},"modified":"2024-12-31T10:43:32","modified_gmt":"2024-12-31T08:43:32","slug":"januar-2025","status":"publish","type":"post","link":"https:\/\/portius-fotografie.com\/?p=6088","title":{"rendered":"Januar 2025"},"content":{"rendered":"<div class=\"wpb-content-wrapper\"><p>[vc_row][vc_column][vc_single_image image=&#8220;6090&#8243; img_size=&#8220;full&#8220; onclick=&#8220;link_image&#8220;][vc_column_text]Dieses Bild vermittelt vielleicht eine kleine Ahnung davon, wie streng V\u00e4terchen Frost am Polarkreis in Lappland regieren kann. Insbesondere der Winter 2023\/2024 hatte extreme Temperaturen zu bieten, die bei uns bis auf -52 \u00b0C nach unten gingen. In einer kleinen Siedlung, nur ein paar Kilometer von unserem Zuhause entfernt, hatte sich ein Eishockey-Fan um den Jahreswechsel herum eine dreit\u00e4gige Reise nach Stockholm geg\u00f6nnt, um sich ein Spiel anzusehen. Das war ein Fehler. Als er schlie\u00dflich wieder zu Hause war, erwartete ihn im Keller ein Schwimmbad. Nahezu alle Wasserleitungen waren geplatzt &#8230; Ein Totalschaden der Heizungsanlage war zudem die Folge. Rund um Arjeplog ging in jenem Winter viel kaputt.<\/p>\n<p>Wir hatten vergleichsweise Gl\u00fcck. Lediglich eine Waschmaschine im Keller hat den Frost nicht \u00fcberlebt, andere Probleme hinterlie\u00dfen keine langfristigen Sch\u00e4den (eingefrorene Abl\u00e4ufe, Schneefr\u00e4se quittierte den Dienst, Pkw-Heizung ohne Funktion, Hauswasserwerk mit Problemen usw.). Au\u00dferdem hatte ich dummerweise mein Schneemobil f\u00fcr einige Tage drau\u00dfen geparkt. Es war schlie\u00dflich so eingeeist und festgebacken, dass ich es erst im Fr\u00fchjahr wieder frei bekam. Jede Nachl\u00e4ssigkeit wird bestraft, das lerne ich immer noch.<\/p>\n<p>Schon vor der Rekordminustemperatur sank im vergangenen Winter das Thermometer f\u00fcr mehrere Tage hintereinander auf unter -40 \u00b0C. Und das war das Problem: Normalerweise halten sich solche extremen Temperaturen nur kurzzeitig, oft f\u00fcr 24 Stunden oder weniger. Zeitr\u00e4ume, die in aller Regel nicht dazu f\u00fchren, dass ein Haus bis in den Kern komplett durchfriert (bei vielen \u00fcblichen Holzhauskonstruktionen verlaufen wasserf\u00fchrende Leitungen oftmals ohne besondere Isolationsma\u00dfnahmen unter den OSB-Fu\u00dfb\u00f6den; hier kann der Frost reinkriechen, auch wenn die H\u00e4user normal geheizt werden). Aufgrund dieser Erfahrungen habe ich in diesem Sommer besonders gef\u00e4hrdete Wasserleitungen mit elektrischen Rohrbegleitheizungen versehen, die die Temperatur immer \u00fcber 0 \u00b0C halten sollen. Das funktioniert bislang gut, nur l\u00e4ngere Stromausf\u00e4lle sollte es nicht geben.<\/p>\n<p><strong>Dieser Winter ist anders<\/strong><\/p>\n<p>In diesem Winter ist alles anders: Selten, dass die Temperaturen unter -10 \u00b0C fallen. Es liegt vergleichsweise wenig Schnee, die Stra\u00dfen sind oft t\u00fcckisch glatt &#8211; eine Eisschicht hat die normalerweise vorhandene wei\u00dfe Pracht ersetzt. W\u00e4hrend ich diese Zeilen schreibe (30. Dezember), tobt drau\u00dfen erneut ein Sturm mit Starkb\u00f6en. Im benachbarten Norwegen ruht in weiten Teilen der \u00f6ffentliche Nahverkehr. Z\u00fcge und Busse bleiben in ihren Depots, der Nordatlantik l\u00e4sst gr\u00fc\u00dfen &#8230; Auf der Ostseite Skandinaviens, am Bottnischen Meerbusen, suchen in diesem Winter ebenfalls h\u00e4ufig St\u00fcrme die K\u00fcsten heim. Die Meere in Ost und West sind vergleichsweise warm, es ist viel Energie in der Atmosph\u00e4re, die zu signifikanten Luftdruckunterschieden f\u00fchrt &#8211; so entstehen St\u00fcrme.<\/p>\n<p>Ich fange jetzt an dieser Stelle nicht erneut an, \u00fcber die Folgen des Klimawandels zu spekulieren, doch dass sich in den vergangenen Jahrzehnten etwas im Norden Europas ver\u00e4ndert hat, ist nicht zu \u00fcbersehen. Ich bin kein Meteorologe, und ohne Klimatabellen unter dem Arm sollte ich mit solchen Aussagen vorsichtig sein. Eine subjektive Betrachtung ist nicht immer eine gute Richtschnur. Wie auch immer, seit 1995 besch\u00e4ftige ich mich intensiv mit dem Norden Skandinaviens. An einen so wechselhaften und relativ warmen Winter auf 66 Grad n\u00f6rdlicher Breite kann ich mich nicht erinnern. Extremes Wetter mit wilden Temperaturwechseln nach oben und unten ist wohl die neue Normalit\u00e4t &#8211; von Tag zu Tag, von Jahr zu Jahr.<\/p>\n<p><em><strong>Foto: <\/strong>Winterhaus in Schwedisch-Lappland. Canon EOS 6D Mark II, 5,6-6,3, 150-600 mm DG OS HSM, 172 mm, 1\/80 sec, f\/8,0, ISO 400<\/em>[\/vc_column_text][lab_button title=&#8220;zur\u00fcck zur \u00dcbersicht&#8220; type=&#8220;standard&#8220; link=&#8220;url:http%3A%2F%2Fportius-fotografie.com%2F%3Fpage_id%3D72|||&#8220;][\/vc_column][\/vc_row]<\/p>\n<\/div>","protected":false},"excerpt":{"rendered":"<p>[vc_row][vc_column][vc_single_image image=&#8220;6090&#8243; img_size=&#8220;full&#8220; onclick=&#8220;link_image&#8220;][vc_column_text]Dieses Bild vermittelt vielleicht eine kleine Ahnung davon, wie streng V\u00e4terchen Frost am Polarkreis in Lappland regieren kann. Insbesondere der Winter 2023\/2024&hellip;<\/p>\n","protected":false},"author":1,"featured_media":6090,"comment_status":"closed","ping_status":"closed","sticky":false,"template":"","format":"standard","meta":{"_acf_changed":false,"footnotes":""},"categories":[13,6],"tags":[9],"class_list":["post-6088","post","type-post","status-publish","format-standard","has-post-thumbnail","hentry","category-bild-des-monats","category-schweden","tag-bilddesmonats"],"acf":[],"_links":{"self":[{"href":"https:\/\/portius-fotografie.com\/index.php?rest_route=\/wp\/v2\/posts\/6088","targetHints":{"allow":["GET"]}}],"collection":[{"href":"https:\/\/portius-fotografie.com\/index.php?rest_route=\/wp\/v2\/posts"}],"about":[{"href":"https:\/\/portius-fotografie.com\/index.php?rest_route=\/wp\/v2\/types\/post"}],"author":[{"embeddable":true,"href":"https:\/\/portius-fotografie.com\/index.php?rest_route=\/wp\/v2\/users\/1"}],"replies":[{"embeddable":true,"href":"https:\/\/portius-fotografie.com\/index.php?rest_route=%2Fwp%2Fv2%2Fcomments&post=6088"}],"version-history":[{"count":5,"href":"https:\/\/portius-fotografie.com\/index.php?rest_route=\/wp\/v2\/posts\/6088\/revisions"}],"predecessor-version":[{"id":6095,"href":"https:\/\/portius-fotografie.com\/index.php?rest_route=\/wp\/v2\/posts\/6088\/revisions\/6095"}],"wp:featuredmedia":[{"embeddable":true,"href":"https:\/\/portius-fotografie.com\/index.php?rest_route=\/wp\/v2\/media\/6090"}],"wp:attachment":[{"href":"https:\/\/portius-fotografie.com\/index.php?rest_route=%2Fwp%2Fv2%2Fmedia&parent=6088"}],"wp:term":[{"taxonomy":"category","embeddable":true,"href":"https:\/\/portius-fotografie.com\/index.php?rest_route=%2Fwp%2Fv2%2Fcategories&post=6088"},{"taxonomy":"post_tag","embeddable":true,"href":"https:\/\/portius-fotografie.com\/index.php?rest_route=%2Fwp%2Fv2%2Ftags&post=6088"}],"curies":[{"name":"wp","href":"https:\/\/api.w.org\/{rel}","templated":true}]}}