{"id":86,"date":"2017-09-30T21:20:18","date_gmt":"2017-09-30T21:20:18","guid":{"rendered":"http:\/\/portius-fotografie.com\/?p=86"},"modified":"2018-12-23T15:35:04","modified_gmt":"2018-12-23T14:35:04","slug":"sigma-150-200","status":"publish","type":"post","link":"https:\/\/portius-fotografie.com\/?p=86","title":{"rendered":"Juli 2017"},"content":{"rendered":"<div class=\"wpb-content-wrapper\"><p>[vc_row][vc_column width=&#8220;1\/4&#8243;][vc_column_text]<\/p>\n<p align=\"JUSTIFY\">Sonnenuntergang auf der Friesischen Insel Sylt. Bereits seit den siebziger Jahren wird hier der best\u00e4ndigen Erosion und dem damit verbundenen Landverlust mit Sandvorsp\u00fclungen entgegengewirkt. \u201eHopperbagger\u201c nehmen weit vor der K\u00fcste Sand auf und sp\u00fclen diesen dann \u00fcber Rohrleitungen an die Str\u00e4nde, wo er schlie\u00dflich von Planierraupen verteilt wird. Manche Experten bef\u00fcrchten jedoch, dass aufgrund der globalen Erw\u00e4rmung Anzahl und St\u00e4rke von St\u00fcrmen in der Nordsee zunehmen werden. Im Ergebnis w\u00fcrden sich gr\u00f6\u00dfere Landverluste, trotz aller Gegenma\u00dfnahmen, kaum vermeiden lassen.<\/p>\n<p>[\/vc_column_text][lab_button title=&#8220;zur\u00fcck zur \u00dcbersicht&#8220; type=&#8220;standard&#8220; link=&#8220;url:http%3A%2F%2Fportius-fotografie.com%2F%3Fpage_id%3D72|||&#8220;][\/vc_column][vc_column width=&#8220;3\/4&#8243;][vc_single_image image=&#8220;645&#8243; img_size=&#8220;full&#8220; onclick=&#8220;img_link_large&#8220;][\/vc_column][\/vc_row]<\/p>\n<\/div>","protected":false},"excerpt":{"rendered":"<p>[vc_row][vc_column width=&#8220;1\/4&#8243;][vc_column_text] Sonnenuntergang auf der Friesischen Insel Sylt. Bereits seit den siebziger Jahren wird hier der best\u00e4ndigen Erosion und dem damit verbundenen Landverlust mit Sandvorsp\u00fclungen&hellip;<\/p>\n","protected":false},"author":1,"featured_media":645,"comment_status":"closed","ping_status":"closed","sticky":false,"template":"","format":"standard","meta":{"_acf_changed":false,"footnotes":""},"categories":[13,14],"tags":[9],"class_list":["post-86","post","type-post","status-publish","format-standard","has-post-thumbnail","hentry","category-bild-des-monats","category-deutschland","tag-bilddesmonats"],"acf":[],"_links":{"self":[{"href":"https:\/\/portius-fotografie.com\/index.php?rest_route=\/wp\/v2\/posts\/86","targetHints":{"allow":["GET"]}}],"collection":[{"href":"https:\/\/portius-fotografie.com\/index.php?rest_route=\/wp\/v2\/posts"}],"about":[{"href":"https:\/\/portius-fotografie.com\/index.php?rest_route=\/wp\/v2\/types\/post"}],"author":[{"embeddable":true,"href":"https:\/\/portius-fotografie.com\/index.php?rest_route=\/wp\/v2\/users\/1"}],"replies":[{"embeddable":true,"href":"https:\/\/portius-fotografie.com\/index.php?rest_route=%2Fwp%2Fv2%2Fcomments&post=86"}],"version-history":[{"count":12,"href":"https:\/\/portius-fotografie.com\/index.php?rest_route=\/wp\/v2\/posts\/86\/revisions"}],"predecessor-version":[{"id":1799,"href":"https:\/\/portius-fotografie.com\/index.php?rest_route=\/wp\/v2\/posts\/86\/revisions\/1799"}],"wp:featuredmedia":[{"embeddable":true,"href":"https:\/\/portius-fotografie.com\/index.php?rest_route=\/wp\/v2\/media\/645"}],"wp:attachment":[{"href":"https:\/\/portius-fotografie.com\/index.php?rest_route=%2Fwp%2Fv2%2Fmedia&parent=86"}],"wp:term":[{"taxonomy":"category","embeddable":true,"href":"https:\/\/portius-fotografie.com\/index.php?rest_route=%2Fwp%2Fv2%2Fcategories&post=86"},{"taxonomy":"post_tag","embeddable":true,"href":"https:\/\/portius-fotografie.com\/index.php?rest_route=%2Fwp%2Fv2%2Ftags&post=86"}],"curies":[{"name":"wp","href":"https:\/\/api.w.org\/{rel}","templated":true}]}}